{"id":1401,"date":"2022-10-19T09:50:12","date_gmt":"2022-10-19T07:50:12","guid":{"rendered":"https:\/\/www.deinadieu.de\/2022\/10\/19\/i-would-like-to-donate-part-of-my-fortune-to-a-good-cause\/"},"modified":"2022-10-19T09:50:12","modified_gmt":"2022-10-19T07:50:12","slug":"i-would-like-to-donate-part-of-my-fortune-to-a-good-cause","status":"publish","type":"post","link":"https:\/\/www.deinadieu.at\/en\/2022\/10\/19\/i-would-like-to-donate-part-of-my-fortune-to-a-good-cause\/","title":{"rendered":"&#8220;I would like to donate part of my fortune to a good cause.&#8221;"},"content":{"rendered":"\n<p>Andr\u00e9 Dunand is committed to wild bee culture on the board of FreeTheBees. Currently, he is thinking about donating part of his estate for the freedom of bees. An interview about the motives and background.<\/p>\n\n<!--more-->\n\n<h3 class=\"wp-block-heading\" id=\"h-sie-sind-vorstandsmitglied-fur-freethebees-in-der-westschweiz-wie-ist-es-dazu-gekommen\"><strong>You are a board member for FreeTheBees in French-speaking Switzerland. How did it come about? <\/strong><\/h3>\n\n<p>I have always been very interested in the conservation of nature and biodiversity. Unfortunately, I had too little time during my professional life to devote to this subject. Since April 2020, I have been enjoying early retirement and can devote more time to all the activities that were previously neglected. By a lucky coincidence, I came into contact with <a href=\"https:\/\/freethebees.ch\/\" target=\"_blank\" rel=\"noreferrer noopener\">FreeTheBees<\/a> and attended a course by Andr\u00e9 Wermelinger. The philosophy and the global approach convinced me right away. From that moment on, I decided to get involved with FreeTheBees. After that, one thing led to another: Already at the first meeting, I was elected as the person responsible for FreeTheBees Suisse romande and immediately became a member of the Swiss board.<\/p>\n\n<figure class=\"wp-block-image size-large\"><img decoding=\"async\" src=\"https:\/\/www.deinadieu.at\/wp-content\/uploads\/2022\/10\/dA_PAD_MFR0881-1024x683.jpg\" alt=\"\" class=\"wp-image-51329\"\/><figcaption class=\"wp-element-caption\">Andr\u00e9 Dunand on the green meadow (Image: Manu Friederich)<\/figcaption><\/figure>\n\n<h3 class=\"wp-block-heading\" id=\"h-warum-liegen-ihnen-insbesondere-bienen-am-herzen\"><strong>Why are bees in particular close to your heart?<\/strong><strong><\/strong><\/h3>\n\n<p>Bees are vital for nature, for pollination and for the natural balance. I have wanted to get involved with this worthy cause for a long time. Finally, I was able to start. I immediately acquired two beehives and planted two flower meadows.<\/p>\n\n<p>On the one hand, I am fascinated by the way of life and the structure of bee colonies. There is a clear organization: there is the egg-laying queen as well as the males, called drones, which serve solely for reproduction and are eaten after their duty is done. Around them, the female bee colony takes care of the welfare of the brood and the queen. What is fascinating about females is that they undergo role reversal throughout their lives. They develop with age and take on other tasks.<\/p>\n\n<p>On the other hand, I love spending time watching the bees, making sure they are doing well and listening to them buzz. This is very relaxing. Even my three-year-old granddaughter is already fascinated by the role of the queen bee. She often accompanies me on my observation forays.<\/p>\n\n<h3 class=\"wp-block-heading\" id=\"h-wie-geht-es-den-bienen-generell\"><strong>How are the bees doing in general?<\/strong> <\/h3>\n\n<p>They generally enjoy incredible popularity. Unfortunately, the public is poorly informed about the real situation of the bee, especially the honey bee. The fact is that most beekeepers practice intensive breeding. They consider the bee mainly as a honey producer and over-exploit it. In addition, most beekeepers resort to dangerous products such as oxalic acid. So we are far from an idyllic and respectful world in the hives.<\/p>\n\n<h3 class=\"wp-block-heading\" id=\"h-was-mussten-die-bienenhalter-andern\"><strong>What would beekeepers have to change?<\/strong><strong><\/strong><\/h3>\n\n<p>There are three things and at the same time the <strong>three pillars<\/strong> on which FreeTheBees bases its philosophy:<\/p>\n\n<p><strong>First, the bee must return to the wild nature<\/strong>. This is the only way it can adapt to their development, as it has done so far. Keeping bees exclusively in hives and controlling their honey production is not compatible with a life in the wild.<\/p>\n\n<p><strong>Second, beekeeping must become sustainable<\/strong>. To achieve this goal, FreeTheBees organizes training courses for beekeepers. They learn how to diversify beekeeping in a sustainable and less intensive way.<\/p>\n\n<p><strong>Third, bee habitat must be enhanced<\/strong>. This means that wherever they cannot survive on their own, we need to increase the diversity of flowering honey plants. In addition, we can promote the existence of hollow trees or cavities in trees, thus creating important habitat.<\/p>\n\n<h3 class=\"wp-block-heading\" id=\"h-wie-geht-es-ihren-eigenen-bienen\"><strong>How are your own bees doing?<\/strong><\/h3>\n\n<p>Since I just started keeping bees in April, my experience is still very fresh. My main goal is to provide a natural, wild habitat for bee colonies. For this purpose, I installed two hive models from SwissTree as shelter in 2020. The Swiss Tree habitat was developed thanks to the collaboration between FreeTheBees and the company <a href=\"https:\/\/www.nova-ruder.ch\/bienenbaum\" target=\"_blank\" rel=\"noreferrer noopener\">Nova Ruder<\/a>. Swiss Tree facilitates a return to nature for bee colonies. Its shape resembles the natural cavities in trees, which are home to insects in the wild. Unlike the traditional hive, the walls of the SwissTree are thicker and offer the bees better protection from the heat of summer and the cold of winter. In a Swiss Tree, a bee colony can overwinter with only three kilos of honey. In the traditional hive, it takes at least four times as much to survive.<\/p>\n\n<figure class=\"wp-block-image size-large\"><img decoding=\"async\" src=\"https:\/\/www.deinadieu.at\/wp-content\/uploads\/2022\/10\/dA_PAD_MFR0875-1024x683.jpg\" alt=\"\" class=\"wp-image-51319\"\/><figcaption class=\"wp-element-caption\">In the Swiss Tree, a bee colony can survive on a quarter of the honey it normally needs. (Image: Manu Friederich)<\/figcaption><\/figure>\n\n<h3 class=\"wp-block-heading\" id=\"h-haben-sie-bezuglich-freethebees-eine-vision-wenn-ja-wie-realistisch-ist-deren-umsetzung-was-braucht-es-dazu\"><strong>Do you have a vision regarding FreeTheBees? If so, how realistic is their implementation? What does it take?<\/strong><\/h3>\n\n<p>It is the return of the bee to nature. It is important to me to do everything possible for this. This includes continuously informing the public about the depressing reality of bees in apiaries and the dangers of intensive breeding.<\/p>\n\n<h3 class=\"wp-block-heading\" id=\"h-haben-sie-ein-personliches-lebensmotto\"><strong>Do you have a personal life motto?<\/strong><strong><\/strong><\/h3>\n\n<p>One should always see the glass half full.<\/p>\n\n<h3 class=\"wp-block-heading\" id=\"h-wie-sind-sie-auf-die-idee-gekommen-einen-teil-ihrer-erbschaft-an-freethebees-zu-spenden-was-motiviert-sie-dazu\"><strong>How did you come up with the idea to donate part of your inheritance to FreeTheBees? What motivates you to do this?<\/strong><\/h3>\n\n<p>I have been retired for a year, have no financial worries, and my house is already in our only son&#8217;s name. That gave the impetus to think about this topic. My decision is not yet final. My wife and son know my thoughts. <strong>As long as my future and that of my family is secure, I consider it important to donate part of my wealth to a cause that is close to my heart.<\/strong><\/p>\n\n\n        <div class=\"relative shadow-lg -mx-12 mb-4 overflow-hidden\" style=\"background-image: url('https:\/\/www.deinadieu.at\/wp-content\/themes\/da-v4\/assets\/v4\/banner\/testament.jpg'); background-size: cover; background-position: center\">\n            <div class=\"banner-white-box md:w-3\/5 text-black -ml-16 pl-16\" style=\"background-color: rgba(255,255,255,0.75)\">\n                <div class=\"inner\">\n                    <div class=\"text-2xl p-12\"><strong>You have not drafted up a will yet?<\/strong> Generate a free PDF template for<\/div>\n                    <div class=\"px-12 md:mr-16\">\n                        <a href=\"https:\/\/app.deinadieu.ch\/testament\" target=\"_blank\" class=\"btn btn-da btn-small btn-block\">myself<\/a>\n                        <a href=\"https:\/\/app.deinadieu.ch\/testament\" target=\"_blank\" class=\"mt-4 btn btn-da btn-small btn-block\">for another person<\/a>\n                    <\/div>\n                    <div class=\"px-12 py-8\">\n                        <img decoding=\"async\" src=\"https:\/\/www.deinadieu.at\/wp-content\/themes\/da-v4\/assets\/v4\/deinadieu_logo_dark.svg\" class=\"h-12\">\n                    <\/div>\n                <\/div>\n            <\/div>\n        <\/div>\n        \n\n<div style=\"height:40px\" aria-hidden=\"true\" class=\"wp-block-spacer\"><\/div>\n\n<h3 class=\"wp-block-heading\" id=\"h-wie-konnen-interessierte-die-aktivitaten-von-freethebees-unterstutzen\"><strong>How can interested parties support the activities of FreeTheBees?<\/strong><\/h3>\n\n<p>There are several ways: Each person can <strong>donate<\/strong> any amount to FreeTheBees or support a specific project. Currently there are several projects , for example the Swiss BeeMapping, the training of sniffer dogs or the creation of habitats for wild bees.<\/p>\n\n<p>But you can also <strong>become a member<\/strong>. There are different variants: the regular member, the silver, the gold and the platinum. Each of the four memberships includes different financial terms and benefits. You can find information about this on our website: <a href=\"https:\/\/freethebees.ch\/\" target=\"_blank\" rel=\"noreferrer noopener\">FreeTheBees.ch<\/a>.<\/p>\n\n<figure class=\"wp-block-image size-large\"><img decoding=\"async\" src=\"https:\/\/www.deinadieu.at\/wp-content\/uploads\/2022\/10\/dA_PAD_MFR0914-1024x683.jpg\" alt=\"\" class=\"wp-image-51324\"\/><figcaption class=\"wp-element-caption\">A bee flies into the Swiss Tree. (Image: Manu Friederich)<\/figcaption><\/figure>\n\n<p>Every honey lover should be aware: Honey is not a mass product. Pure honey is a gift of nature, a delicacy. Species-appropriate animal husbandry is of immense importance for the future of bees and the ecosystem. That is why you should pay attention to the ecological quality of honey. Caution: The usual organic labels are not much good.<\/p>\n\n<p>We recommend buying honey from apiaries far from intensive agriculture. Currently, FreeTheBees is working on its own honey label. It is called <strong>ApiVita<\/strong> and produces ecologically sustainable honey. Under this label, the beekeeper is allowed to produce honey extensively with 80% of his stock, but must keep 20% of his bee colonies close to nature. The first ApiVita honey is expected to hit the market in 2022. <\/p>\n\n<p>In the meantime, we encourage everyone to buy their honey from local beekeepers and distributors who produce according to Delinat beekeeping principles and are not primarily interested in short-term yield optimization. A <strong>selection of sustainable honey suppliers<\/strong> is listed at <a href=\"http:\/\/vitaverdura.ch\" target=\"_blank\" rel=\"noreferrer noopener\">vitaverdura.ch<\/a>, <a href=\"http:\/\/honigwahl.ch\" target=\"_blank\" rel=\"noreferrer noopener\">honigwahl.ch<\/a> and <a href=\"http:\/\/bienli.ch\" target=\"_blank\" rel=\"noreferrer noopener\">bienli.<\/a> ch. Readers can find out more about honey consumption at <a href=\"https:\/\/freethebees.ch\/honig\/\" target=\"_blank\" rel=\"noreferrer noopener\">https:\/\/freethebees.ch\/honig\/<\/a>.<\/p>\n\n        <div class=\"da-servicebox relative bg-gray-200 p-4 pt-8 border-solid border-t-8 border-da-dark mb-6\">\n            <i class=\"fas fa-info-circle mx-auto fa-7x text-da-dark\"><\/i>\n            <span style=\"hyphens: auto\">\n                <br \/>\n<strong>FreeTheBees<\/strong> ist die wohl einzige Honigbienen-Organisation Europas frei von Imkerinteressen. Die Mitglieder geniessen ein offenes, ehrliches und kritisch-konstruktives T\u00e4tigkeitsumfeld. Ein wissenschaftlicher Beirat sichert die Qualit\u00e4t der Arbeiten und gew\u00e4hrleistet eine unabh\u00e4ngige, fach\u00fcbergreifende und objektive Sichtweise. <br \/>\nFreeTheBees ist <a href=\"https:\/\/www.deinadieu.ch\/hilfswerke\/verein-freethebees\/\">Partner von Dein Adieu.ch<\/a>.<br \/>\n<strong>Andr\u00e9 Dunand<\/strong> (1957) aus Fribourg ist Heilp\u00e4dagoge und hat w\u00e4hrend dreissig Jahren in der Umgebung von Freiburg einen Arbeitsplatz f\u00fcr Erwachsene mit Behinderungen gef\u00fchrt. Mit seiner Fr\u00fchpensionierung im Jahr 2020 ist er dem Vorstand von FreeTheBees beigetreten. Seit 2004 leitet er die \u00ab<a href=\"https:\/\/www.mieux-vivre.ch\/\" target=\"_blank\" rel=\"noopener noreferrer\">Salons du mieux-vivre<\/a>\u00bb in Fribourg und Saignel\u00e9gier. Ausserdem ist Andr\u00e9 2009 Pr\u00e4sident der <a href=\"https:\/\/www.fopis.ch\/\" target=\"_blank\" rel=\"noopener noreferrer\">VOPSI<\/a>, Verband der Organisationen des Personals der Sozialen Institutionen des Kantons Freiburg.<br \/>\n\n                \n                \n            <\/span>\n        <\/div>\n        \n","protected":false},"excerpt":{"rendered":"<p>Andr\u00e9 Dunand is committed to wild bee culture on the board of FreeTheBees. Currently, he is thinking about donating part of his estate for the freedom of bees. An interview about the motives and background.<\/p>\n","protected":false},"author":5,"featured_media":332,"comment_status":"open","ping_status":"open","sticky":false,"template":"","format":"standard","meta":{"_acf_changed":false,"footnotes":""},"categories":[1],"tags":[10],"class_list":["post-1401","post","type-post","status-publish","format-standard","has-post-thumbnail","hentry","category-uncategorized","tag-testimonial-spenderinnen"],"acf":[],"yoast_head":"<title>&quot;I would like to donate part of my fortune to a good cause.&quot; | DeinAdieu.at<\/title>\n<meta name=\"robots\" content=\"noindex, nofollow\" \/>\n<meta property=\"og:locale\" content=\"en_US\" \/>\n<meta property=\"og:type\" content=\"article\" \/>\n<meta property=\"og:title\" content=\"&quot;I would like to donate part of my fortune to a good cause.&quot;\" \/>\n<meta property=\"og:description\" content=\"Andr\u00e9 Dunand is committed to wild bee culture on the board of FreeTheBees. Currently, he is thinking about donating part of his estate for the freedom of bees. An interview about the motives and background.\" \/>\n<meta property=\"og:url\" content=\"https:\/\/www.deinadieu.at\/en\/2022\/10\/19\/i-would-like-to-donate-part-of-my-fortune-to-a-good-cause\/\" \/>\n<meta property=\"og:site_name\" content=\"DeinAdieu.at\" \/>\n<meta property=\"article:published_time\" content=\"2022-10-19T07:50:12+00:00\" \/>\n<meta property=\"og:image\" content=\"https:\/\/static.deinadieu.at\/uploads\/2022\/10\/andre_dunand_freethebee.jpg\" \/>\n\t<meta property=\"og:image:width\" content=\"1200\" \/>\n\t<meta property=\"og:image:height\" content=\"800\" \/>\n\t<meta property=\"og:image:type\" content=\"image\/jpeg\" \/>\n<meta name=\"author\" content=\"reginamuenstermann\" \/>\n<meta name=\"twitter:card\" content=\"summary_large_image\" \/>\n<meta name=\"twitter:label1\" content=\"Written by\" \/>\n\t<meta name=\"twitter:data1\" content=\"reginamuenstermann\" \/>\n\t<meta name=\"twitter:label2\" content=\"Est. reading time\" \/>\n\t<meta name=\"twitter:data2\" content=\"7 minutes\" \/>\n<script type=\"application\/ld+json\" class=\"yoast-schema-graph\">{\"@context\":\"https:\\\/\\\/schema.org\",\"@graph\":[{\"@type\":\"Article\",\"@id\":\"https:\\\/\\\/www.deinadieu.at\\\/en\\\/2022\\\/10\\\/19\\\/i-would-like-to-donate-part-of-my-fortune-to-a-good-cause\\\/#article\",\"isPartOf\":{\"@id\":\"https:\\\/\\\/www.deinadieu.at\\\/en\\\/2022\\\/10\\\/19\\\/i-would-like-to-donate-part-of-my-fortune-to-a-good-cause\\\/\"},\"author\":{\"name\":\"reginamuenstermann\",\"@id\":\"https:\\\/\\\/www.deinadieu.at\\\/en\\\/#\\\/schema\\\/person\\\/e589db118797d771fd40bb0a41680891\"},\"headline\":\"&#8220;I would like to donate part of my fortune to a good cause.&#8221;\",\"datePublished\":\"2022-10-19T07:50:12+00:00\",\"mainEntityOfPage\":{\"@id\":\"https:\\\/\\\/www.deinadieu.at\\\/en\\\/2022\\\/10\\\/19\\\/i-would-like-to-donate-part-of-my-fortune-to-a-good-cause\\\/\"},\"wordCount\":1334,\"commentCount\":0,\"publisher\":{\"@id\":\"https:\\\/\\\/www.deinadieu.at\\\/en\\\/#organization\"},\"image\":{\"@id\":\"https:\\\/\\\/www.deinadieu.at\\\/en\\\/2022\\\/10\\\/19\\\/i-would-like-to-donate-part-of-my-fortune-to-a-good-cause\\\/#primaryimage\"},\"thumbnailUrl\":\"https:\\\/\\\/www.deinadieu.at\\\/wp-content\\\/uploads\\\/2022\\\/10\\\/andre_dunand_freethebee.jpg\",\"keywords\":[\"Testimonial Spender:innen\"],\"inLanguage\":\"en-US\",\"potentialAction\":[{\"@type\":\"CommentAction\",\"name\":\"Comment\",\"target\":[\"https:\\\/\\\/www.deinadieu.at\\\/en\\\/2022\\\/10\\\/19\\\/i-would-like-to-donate-part-of-my-fortune-to-a-good-cause\\\/#respond\"]}]},{\"@type\":\"WebPage\",\"@id\":\"https:\\\/\\\/www.deinadieu.at\\\/en\\\/2022\\\/10\\\/19\\\/i-would-like-to-donate-part-of-my-fortune-to-a-good-cause\\\/\",\"url\":\"https:\\\/\\\/www.deinadieu.at\\\/en\\\/2022\\\/10\\\/19\\\/i-would-like-to-donate-part-of-my-fortune-to-a-good-cause\\\/\",\"name\":\"\\\"I would like to donate part of my fortune to a good cause.\\\" | DeinAdieu.at\",\"isPartOf\":{\"@id\":\"https:\\\/\\\/www.deinadieu.at\\\/en\\\/#website\"},\"primaryImageOfPage\":{\"@id\":\"https:\\\/\\\/www.deinadieu.at\\\/en\\\/2022\\\/10\\\/19\\\/i-would-like-to-donate-part-of-my-fortune-to-a-good-cause\\\/#primaryimage\"},\"image\":{\"@id\":\"https:\\\/\\\/www.deinadieu.at\\\/en\\\/2022\\\/10\\\/19\\\/i-would-like-to-donate-part-of-my-fortune-to-a-good-cause\\\/#primaryimage\"},\"thumbnailUrl\":\"https:\\\/\\\/www.deinadieu.at\\\/wp-content\\\/uploads\\\/2022\\\/10\\\/andre_dunand_freethebee.jpg\",\"datePublished\":\"2022-10-19T07:50:12+00:00\",\"breadcrumb\":{\"@id\":\"https:\\\/\\\/www.deinadieu.at\\\/en\\\/2022\\\/10\\\/19\\\/i-would-like-to-donate-part-of-my-fortune-to-a-good-cause\\\/#breadcrumb\"},\"inLanguage\":\"en-US\",\"potentialAction\":[{\"@type\":\"ReadAction\",\"target\":[\"https:\\\/\\\/www.deinadieu.at\\\/en\\\/2022\\\/10\\\/19\\\/i-would-like-to-donate-part-of-my-fortune-to-a-good-cause\\\/\"]}]},{\"@type\":\"ImageObject\",\"inLanguage\":\"en-US\",\"@id\":\"https:\\\/\\\/www.deinadieu.at\\\/en\\\/2022\\\/10\\\/19\\\/i-would-like-to-donate-part-of-my-fortune-to-a-good-cause\\\/#primaryimage\",\"url\":\"https:\\\/\\\/www.deinadieu.at\\\/wp-content\\\/uploads\\\/2022\\\/10\\\/andre_dunand_freethebee.jpg\",\"contentUrl\":\"https:\\\/\\\/www.deinadieu.at\\\/wp-content\\\/uploads\\\/2022\\\/10\\\/andre_dunand_freethebee.jpg\",\"width\":1200,\"height\":800,\"caption\":\"Andre\u0301 Dunand, Vorstand Freethebees. \u00a9 Manu Friederich\"},{\"@type\":\"BreadcrumbList\",\"@id\":\"https:\\\/\\\/www.deinadieu.at\\\/en\\\/2022\\\/10\\\/19\\\/i-would-like-to-donate-part-of-my-fortune-to-a-good-cause\\\/#breadcrumb\",\"itemListElement\":[{\"@type\":\"ListItem\",\"position\":1,\"name\":\"Startseite\",\"item\":\"https:\\\/\\\/www.deinadieu.at\\\/en\\\/\"},{\"@type\":\"ListItem\",\"position\":2,\"name\":\"&#8222;I would like to donate part of my fortune to a good cause.&#8220;\"}]},{\"@type\":\"WebSite\",\"@id\":\"https:\\\/\\\/www.deinadieu.at\\\/en\\\/#website\",\"url\":\"https:\\\/\\\/www.deinadieu.at\\\/en\\\/\",\"name\":\"DeinAdieu.at\",\"description\":\"\",\"publisher\":{\"@id\":\"https:\\\/\\\/www.deinadieu.at\\\/en\\\/#organization\"},\"potentialAction\":[{\"@type\":\"SearchAction\",\"target\":{\"@type\":\"EntryPoint\",\"urlTemplate\":\"https:\\\/\\\/www.deinadieu.at\\\/en\\\/?s={search_term_string}\"},\"query-input\":{\"@type\":\"PropertyValueSpecification\",\"valueRequired\":true,\"valueName\":\"search_term_string\"}}],\"inLanguage\":\"en-US\"},{\"@type\":\"Organization\",\"@id\":\"https:\\\/\\\/www.deinadieu.at\\\/en\\\/#organization\",\"name\":\"DeinAdieu\",\"url\":\"https:\\\/\\\/www.deinadieu.at\\\/en\\\/\",\"logo\":{\"@type\":\"ImageObject\",\"inLanguage\":\"en-US\",\"@id\":\"https:\\\/\\\/www.deinadieu.at\\\/en\\\/#\\\/schema\\\/logo\\\/image\\\/\",\"url\":\"https:\\\/\\\/www.deinadieu.at\\\/wp-content\\\/uploads\\\/2024\\\/03\\\/deinadieu.at_.svg\",\"contentUrl\":\"https:\\\/\\\/www.deinadieu.at\\\/wp-content\\\/uploads\\\/2024\\\/03\\\/deinadieu.at_.svg\",\"width\":465,\"height\":176,\"caption\":\"DeinAdieu\"},\"image\":{\"@id\":\"https:\\\/\\\/www.deinadieu.at\\\/en\\\/#\\\/schema\\\/logo\\\/image\\\/\"},\"email\":\"support@deinadieu.at\",\"legalName\":\"EMNA Web AG\"},{\"@type\":\"Person\",\"@id\":\"https:\\\/\\\/www.deinadieu.at\\\/en\\\/#\\\/schema\\\/person\\\/e589db118797d771fd40bb0a41680891\",\"name\":\"reginamuenstermann\",\"image\":{\"@type\":\"ImageObject\",\"inLanguage\":\"en-US\",\"@id\":\"https:\\\/\\\/secure.gravatar.com\\\/avatar\\\/6512d1dc1fc1dab3f8298b90394736c8c7106aaa6dc44ce8ef0e8ec25f6b3fed?s=96&d=mm&r=g\",\"url\":\"https:\\\/\\\/secure.gravatar.com\\\/avatar\\\/6512d1dc1fc1dab3f8298b90394736c8c7106aaa6dc44ce8ef0e8ec25f6b3fed?s=96&d=mm&r=g\",\"contentUrl\":\"https:\\\/\\\/secure.gravatar.com\\\/avatar\\\/6512d1dc1fc1dab3f8298b90394736c8c7106aaa6dc44ce8ef0e8ec25f6b3fed?s=96&d=mm&r=g\",\"caption\":\"reginamuenstermann\"},\"sameAs\":[\"http:\\\/\\\/txtzone.ch\"],\"url\":\"https:\\\/\\\/www.deinadieu.at\\\/en\\\/author\\\/reginamuenstermann\\\/\"}]}<\/script>","yoast_head_json":{"title":"\"I would like to donate part of my fortune to a good cause.\" | DeinAdieu.at","robots":{"index":"noindex","follow":"nofollow"},"og_locale":"en_US","og_type":"article","og_title":"\"I would like to donate part of my fortune to a good cause.\"","og_description":"Andr\u00e9 Dunand is committed to wild bee culture on the board of FreeTheBees. Currently, he is thinking about donating part of his estate for the freedom of bees. An interview about the motives and background.","og_url":"https:\/\/www.deinadieu.at\/en\/2022\/10\/19\/i-would-like-to-donate-part-of-my-fortune-to-a-good-cause\/","og_site_name":"DeinAdieu.at","article_published_time":"2022-10-19T07:50:12+00:00","og_image":[{"width":1200,"height":800,"url":"https:\/\/static.deinadieu.at\/uploads\/2022\/10\/andre_dunand_freethebee.jpg","type":"image\/jpeg"}],"author":"reginamuenstermann","twitter_card":"summary_large_image","twitter_misc":{"Written by":"reginamuenstermann","Est. reading time":"7 minutes"},"schema":{"@context":"https:\/\/schema.org","@graph":[{"@type":"Article","@id":"https:\/\/www.deinadieu.at\/en\/2022\/10\/19\/i-would-like-to-donate-part-of-my-fortune-to-a-good-cause\/#article","isPartOf":{"@id":"https:\/\/www.deinadieu.at\/en\/2022\/10\/19\/i-would-like-to-donate-part-of-my-fortune-to-a-good-cause\/"},"author":{"name":"reginamuenstermann","@id":"https:\/\/www.deinadieu.at\/en\/#\/schema\/person\/e589db118797d771fd40bb0a41680891"},"headline":"&#8220;I would like to donate part of my fortune to a good cause.&#8221;","datePublished":"2022-10-19T07:50:12+00:00","mainEntityOfPage":{"@id":"https:\/\/www.deinadieu.at\/en\/2022\/10\/19\/i-would-like-to-donate-part-of-my-fortune-to-a-good-cause\/"},"wordCount":1334,"commentCount":0,"publisher":{"@id":"https:\/\/www.deinadieu.at\/en\/#organization"},"image":{"@id":"https:\/\/www.deinadieu.at\/en\/2022\/10\/19\/i-would-like-to-donate-part-of-my-fortune-to-a-good-cause\/#primaryimage"},"thumbnailUrl":"https:\/\/www.deinadieu.at\/wp-content\/uploads\/2022\/10\/andre_dunand_freethebee.jpg","keywords":["Testimonial Spender:innen"],"inLanguage":"en-US","potentialAction":[{"@type":"CommentAction","name":"Comment","target":["https:\/\/www.deinadieu.at\/en\/2022\/10\/19\/i-would-like-to-donate-part-of-my-fortune-to-a-good-cause\/#respond"]}]},{"@type":"WebPage","@id":"https:\/\/www.deinadieu.at\/en\/2022\/10\/19\/i-would-like-to-donate-part-of-my-fortune-to-a-good-cause\/","url":"https:\/\/www.deinadieu.at\/en\/2022\/10\/19\/i-would-like-to-donate-part-of-my-fortune-to-a-good-cause\/","name":"\"I would like to donate part of my fortune to a good cause.\" | DeinAdieu.at","isPartOf":{"@id":"https:\/\/www.deinadieu.at\/en\/#website"},"primaryImageOfPage":{"@id":"https:\/\/www.deinadieu.at\/en\/2022\/10\/19\/i-would-like-to-donate-part-of-my-fortune-to-a-good-cause\/#primaryimage"},"image":{"@id":"https:\/\/www.deinadieu.at\/en\/2022\/10\/19\/i-would-like-to-donate-part-of-my-fortune-to-a-good-cause\/#primaryimage"},"thumbnailUrl":"https:\/\/www.deinadieu.at\/wp-content\/uploads\/2022\/10\/andre_dunand_freethebee.jpg","datePublished":"2022-10-19T07:50:12+00:00","breadcrumb":{"@id":"https:\/\/www.deinadieu.at\/en\/2022\/10\/19\/i-would-like-to-donate-part-of-my-fortune-to-a-good-cause\/#breadcrumb"},"inLanguage":"en-US","potentialAction":[{"@type":"ReadAction","target":["https:\/\/www.deinadieu.at\/en\/2022\/10\/19\/i-would-like-to-donate-part-of-my-fortune-to-a-good-cause\/"]}]},{"@type":"ImageObject","inLanguage":"en-US","@id":"https:\/\/www.deinadieu.at\/en\/2022\/10\/19\/i-would-like-to-donate-part-of-my-fortune-to-a-good-cause\/#primaryimage","url":"https:\/\/www.deinadieu.at\/wp-content\/uploads\/2022\/10\/andre_dunand_freethebee.jpg","contentUrl":"https:\/\/www.deinadieu.at\/wp-content\/uploads\/2022\/10\/andre_dunand_freethebee.jpg","width":1200,"height":800,"caption":"Andre\u0301 Dunand, Vorstand Freethebees. \u00a9 Manu Friederich"},{"@type":"BreadcrumbList","@id":"https:\/\/www.deinadieu.at\/en\/2022\/10\/19\/i-would-like-to-donate-part-of-my-fortune-to-a-good-cause\/#breadcrumb","itemListElement":[{"@type":"ListItem","position":1,"name":"Startseite","item":"https:\/\/www.deinadieu.at\/en\/"},{"@type":"ListItem","position":2,"name":"&#8222;I would like to donate part of my fortune to a good cause.&#8220;"}]},{"@type":"WebSite","@id":"https:\/\/www.deinadieu.at\/en\/#website","url":"https:\/\/www.deinadieu.at\/en\/","name":"DeinAdieu.at","description":"","publisher":{"@id":"https:\/\/www.deinadieu.at\/en\/#organization"},"potentialAction":[{"@type":"SearchAction","target":{"@type":"EntryPoint","urlTemplate":"https:\/\/www.deinadieu.at\/en\/?s={search_term_string}"},"query-input":{"@type":"PropertyValueSpecification","valueRequired":true,"valueName":"search_term_string"}}],"inLanguage":"en-US"},{"@type":"Organization","@id":"https:\/\/www.deinadieu.at\/en\/#organization","name":"DeinAdieu","url":"https:\/\/www.deinadieu.at\/en\/","logo":{"@type":"ImageObject","inLanguage":"en-US","@id":"https:\/\/www.deinadieu.at\/en\/#\/schema\/logo\/image\/","url":"https:\/\/www.deinadieu.at\/wp-content\/uploads\/2024\/03\/deinadieu.at_.svg","contentUrl":"https:\/\/www.deinadieu.at\/wp-content\/uploads\/2024\/03\/deinadieu.at_.svg","width":465,"height":176,"caption":"DeinAdieu"},"image":{"@id":"https:\/\/www.deinadieu.at\/en\/#\/schema\/logo\/image\/"},"email":"support@deinadieu.at","legalName":"EMNA Web AG"},{"@type":"Person","@id":"https:\/\/www.deinadieu.at\/en\/#\/schema\/person\/e589db118797d771fd40bb0a41680891","name":"reginamuenstermann","image":{"@type":"ImageObject","inLanguage":"en-US","@id":"https:\/\/secure.gravatar.com\/avatar\/6512d1dc1fc1dab3f8298b90394736c8c7106aaa6dc44ce8ef0e8ec25f6b3fed?s=96&d=mm&r=g","url":"https:\/\/secure.gravatar.com\/avatar\/6512d1dc1fc1dab3f8298b90394736c8c7106aaa6dc44ce8ef0e8ec25f6b3fed?s=96&d=mm&r=g","contentUrl":"https:\/\/secure.gravatar.com\/avatar\/6512d1dc1fc1dab3f8298b90394736c8c7106aaa6dc44ce8ef0e8ec25f6b3fed?s=96&d=mm&r=g","caption":"reginamuenstermann"},"sameAs":["http:\/\/txtzone.ch"],"url":"https:\/\/www.deinadieu.at\/en\/author\/reginamuenstermann\/"}]}},"_links":{"self":[{"href":"https:\/\/www.deinadieu.at\/en\/wp-json\/wp\/v2\/posts\/1401","targetHints":{"allow":["GET"]}}],"collection":[{"href":"https:\/\/www.deinadieu.at\/en\/wp-json\/wp\/v2\/posts"}],"about":[{"href":"https:\/\/www.deinadieu.at\/en\/wp-json\/wp\/v2\/types\/post"}],"author":[{"embeddable":true,"href":"https:\/\/www.deinadieu.at\/en\/wp-json\/wp\/v2\/users\/5"}],"replies":[{"embeddable":true,"href":"https:\/\/www.deinadieu.at\/en\/wp-json\/wp\/v2\/comments?post=1401"}],"version-history":[{"count":0,"href":"https:\/\/www.deinadieu.at\/en\/wp-json\/wp\/v2\/posts\/1401\/revisions"}],"wp:featuredmedia":[{"embeddable":true,"href":"https:\/\/www.deinadieu.at\/en\/wp-json\/wp\/v2\/media\/332"}],"wp:attachment":[{"href":"https:\/\/www.deinadieu.at\/en\/wp-json\/wp\/v2\/media?parent=1401"}],"wp:term":[{"taxonomy":"category","embeddable":true,"href":"https:\/\/www.deinadieu.at\/en\/wp-json\/wp\/v2\/categories?post=1401"},{"taxonomy":"post_tag","embeddable":true,"href":"https:\/\/www.deinadieu.at\/en\/wp-json\/wp\/v2\/tags?post=1401"}],"curies":[{"name":"wp","href":"https:\/\/api.w.org\/{rel}","templated":true}]}}